{"id":18056,"date":"2025-03-19T10:35:13","date_gmt":"2025-03-19T13:35:13","guid":{"rendered":"https:\/\/dpip.sanluis.gov.ar\/rentas_sanluis\/?p=18056"},"modified":"2025-03-28T10:45:47","modified_gmt":"2025-03-28T13:45:47","slug":"extension-del-plazo-para-el-pago-contado","status":"publish","type":"post","link":"https:\/\/dpip.sanluis.gov.ar\/rentas_sanluis\/?p=18056","title":{"rendered":"Extensi\u00f3n del plazo para el pago contado"},"content":{"rendered":"\t\t<div data-elementor-type=\"wp-post\" data-elementor-id=\"18056\" class=\"elementor elementor-18056\" data-elementor-post-type=\"post\">\n\t\t\t\t<div class=\"elementor-element elementor-element-40b41bbb e-flex e-con-boxed e-con e-parent\" data-id=\"40b41bbb\" data-element_type=\"container\" data-e-type=\"container\">\n\t\t\t\t\t<div class=\"e-con-inner\">\n\t\t\t\t<div class=\"elementor-element elementor-element-4f80d19 elementor-widget elementor-widget-spacer\" data-id=\"4f80d19\" data-element_type=\"widget\" data-e-type=\"widget\" data-widget_type=\"spacer.default\">\n\t\t\t\t<div class=\"elementor-widget-container\">\n\t\t\t\t\t\t\t<div class=\"elementor-spacer\">\n\t\t\t<div class=\"elementor-spacer-inner\"><\/div>\n\t\t<\/div>\n\t\t\t\t\t\t<\/div>\n\t\t\t\t<\/div>\n\t\t\t\t<div class=\"elementor-element elementor-element-613d42b8 elementor-widget elementor-widget-heading\" data-id=\"613d42b8\" data-element_type=\"widget\" data-e-type=\"widget\" data-widget_type=\"heading.default\">\n\t\t\t\t<div class=\"elementor-widget-container\">\n\t\t\t\t\t<h2 class=\"elementor-heading-title elementor-size-default\">\ufeffExtensi\u00f3n del plazo para el pago contado<\/h2>\t\t\t\t<\/div>\n\t\t\t\t<\/div>\n\t\t\t\t<div class=\"elementor-element elementor-element-29549db7 elementor-widget elementor-widget-text-editor\" data-id=\"29549db7\" data-element_type=\"widget\" data-e-type=\"widget\" data-widget_type=\"text-editor.default\">\n\t\t\t\t<div class=\"elementor-widget-container\">\n\t\t\t\t\t\t\t\t\t<p><strong>La directora general de Hacienda P\u00fablica, Teresa Cappiello, dio detalles sobre la extensi\u00f3n del plazo para el pago al contado de los impuestos inmobiliario y automotor. Se podr\u00e1 hacer efectivo hasta el 31 de marzo.\u00a0<\/strong><\/p>\t\t\t\t\t\t\t\t<\/div>\n\t\t\t\t<\/div>\n\t\t\t\t<div class=\"elementor-element elementor-element-3db3cc38 elementor-widget elementor-widget-image\" data-id=\"3db3cc38\" data-element_type=\"widget\" data-e-type=\"widget\" data-widget_type=\"image.default\">\n\t\t\t\t<div class=\"elementor-widget-container\">\n\t\t\t\t\t\t\t\t\t\t\t\t\t\t\t<img decoding=\"async\" src=\"https:\/\/dpip.sanluis.gov.ar\/rentas_sanluis\/wp-content\/uploads\/2025\/03\/DPIP-1.png\" title=\"\" alt=\"\" loading=\"lazy\" \/>\t\t\t\t\t\t\t\t\t\t\t\t\t\t\t<\/div>\n\t\t\t\t<\/div>\n\t\t\t\t<div class=\"elementor-element elementor-element-32c3dabb elementor-widget elementor-widget-text-editor\" data-id=\"32c3dabb\" data-element_type=\"widget\" data-e-type=\"widget\" data-widget_type=\"text-editor.default\">\n\t\t\t\t<div class=\"elementor-widget-container\">\n\t\t\t\t\t\t\t\t\t<p>Como parte de la pol\u00edtica tributaria que implementa, el Gobierno provincial \u201cbusca acompa\u00f1ar a quienes hacen esfuerzos para cumplir con los impuestos y dar todas las posibilidades dentro de nuestra funci\u00f3n, que es recaudar fondos para que pueda hacer la tarea que le compete, que es lograr el mayor bienestar para todos los puntanos\u201d, dijo este lunes en conferencia de prensa la directora de Hacienda P\u00fablica, Teresa Cappiello, al respecto de la extensi\u00f3n del plazo para el pago al contado de los impuestos inmobiliario y automotor. Hay tiempo hasta el<strong>\u00a031 de marzo.<\/strong><\/p><p>\u201cA solicitud de muchas personas y del Consejo Profesional de Ciencias Econ\u00f3micas, entre otros, se ha extendido hasta el 31 de marzo la posibilidad de pagar\u00a0<strong>de contado<\/strong>\u00a0el impuesto inmobiliario y el automotor (la \u2018patente\u2019). Quienes no pudieron acercarse hasta hoy (lunes 17) a la Direcci\u00f3n o pagar el impuesto por los canales habituales online, como Pago Mis Cuentas, tienen tiempo de acceder a este beneficio hasta fin de mes\u201d, confirm\u00f3 la funcionaria.<\/p><p>Hasta el viernes pasado, alrededor de un\u00a0<strong>20 \u00f3 25% de personas se adhirieron al beneficio<\/strong>, refiri\u00f3 Cappiello. \u201cSabemos que todos somos hijos del rigor y esperamos hasta el \u00faltimo d\u00eda, es decir, que hoy va a haber muchos pagos y mucha afluencia de gente\u201d, refiri\u00f3.<\/p><p>Cappiello aclar\u00f3 que lo que se ha definido es una\u00a0<strong>extensi\u00f3n del plazo<\/strong>\u00a0no una\u00a0<strong>pr\u00f3rroga<\/strong>. \u201cLa\u00a0<strong>pr\u00f3rroga implica que no hay inter\u00e9s\u00a0<\/strong>y la\u00a0<strong>extensi\u00f3n del plazo es que hay un poquito de inter\u00e9s por esos d\u00edas m\u00e1s<\/strong>\u201c, dijo, y confirm\u00f3 que esta ser\u00e1 la \u00faltima posibilidad. \u201cDesde el 1\u00b0 de enero est\u00e1n a disposici\u00f3n las boletas. A quien hizo el esfuerzo de llegar, hay que tenerlo en consideraci\u00f3n. Adem\u00e1s, son fondos con los que esperamos contar\u201d, manifest\u00f3.<\/p><p>El pago del impuesto anual en una sola vez tiene un 30% de descuento. \u201cEs importante recalcar que si sumamos este beneficio del contado a los beneficios de contribuyente cumplidor y a los que, por buen contribuyente, la moratoria sum\u00f3 el a\u00f1o pasado, estar\u00e1 pagando solamente el 30% del impuesto. Es decir que hay\u00a0<strong>hasta un 70% de descuento si acumulamos los diferentes beneficios<\/strong>\u00a0establecidos tanto en la Ley Impositiva como en la Ley de Moratoria\u201d, detall\u00f3 la Directora.<\/p>\t\t\t\t\t\t\t\t<\/div>\n\t\t\t\t<\/div>\n\t\t\t\t\t<\/div>\n\t\t\t\t<\/div>\n\t\t\t\t<\/div>\n\t\t","protected":false},"excerpt":{"rendered":"<p>\ufeffExtensi\u00f3n del plazo para el pago contado La directora general de Hacienda P\u00fablica, Teresa Cappiello, dio detalles sobre la extensi\u00f3n del plazo para el pago al contado de los impuestos inmobiliario y automotor. Se podr\u00e1 hacer efectivo hasta el 31 de marzo.\u00a0 Como parte de la pol\u00edtica tributaria que implementa, el Gobierno provincial \u201cbusca acompa\u00f1ar [&hellip;]<\/p>\n","protected":false},"author":4,"featured_media":18155,"comment_status":"open","ping_status":"open","sticky":false,"template":"elementor_header_footer","format":"standard","meta":{"site-sidebar-layout":"default","site-content-layout":"","ast-site-content-layout":"default","site-content-style":"default","site-sidebar-style":"default","ast-global-header-display":"","ast-banner-title-visibility":"","ast-main-header-display":"","ast-hfb-above-header-display":"","ast-hfb-below-header-display":"","ast-hfb-mobile-header-display":"","site-post-title":"","ast-breadcrumbs-content":"","ast-featured-img":"","footer-sml-layout":"","theme-transparent-header-meta":"","adv-header-id-meta":"","stick-header-meta":"","header-above-stick-meta":"","header-main-stick-meta":"","header-below-stick-meta":"","astra-migrate-meta-layouts":"set","ast-page-background-enabled":"default","ast-page-background-meta":{"desktop":{"background-color":"var(--ast-global-color-4)","background-image":"","background-repeat":"repeat","background-position":"center center","background-size":"auto","background-attachment":"scroll","background-type":"","background-media":"","overlay-type":"","overlay-color":"","overlay-opacity":"","overlay-gradient":""},"tablet":{"background-color":"","background-image":"","background-repeat":"repeat","background-position":"center center","background-size":"auto","background-attachment":"scroll","background-type":"","background-media":"","overlay-type":"","overlay-color":"","overlay-opacity":"","overlay-gradient":""},"mobile":{"background-color":"","background-image":"","background-repeat":"repeat","background-position":"center center","background-size":"auto","background-attachment":"scroll","background-type":"","background-media":"","overlay-type":"","overlay-color":"","overlay-opacity":"","overlay-gradient":""}},"ast-content-background-meta":{"desktop":{"background-color":"var(--ast-global-color-5)","background-image":"","background-repeat":"repeat","background-position":"center center","background-size":"auto","background-attachment":"scroll","background-type":"","background-media":"","overlay-type":"","overlay-color":"","overlay-opacity":"","overlay-gradient":""},"tablet":{"background-color":"var(--ast-global-color-5)","background-image":"","background-repeat":"repeat","background-position":"center center","background-size":"auto","background-attachment":"scroll","background-type":"","background-media":"","overlay-type":"","overlay-color":"","overlay-opacity":"","overlay-gradient":""},"mobile":{"background-color":"var(--ast-global-color-5)","background-image":"","background-repeat":"repeat","background-position":"center center","background-size":"auto","background-attachment":"scroll","background-type":"","background-media":"","overlay-type":"","overlay-color":"","overlay-opacity":"","overlay-gradient":""}},"footnotes":""},"categories":[1],"tags":[],"class_list":["post-18056","post","type-post","status-publish","format-standard","has-post-thumbnail","hentry","category-sin-categoria"],"_links":{"self":[{"href":"https:\/\/dpip.sanluis.gov.ar\/rentas_sanluis\/index.php?rest_route=\/wp\/v2\/posts\/18056","targetHints":{"allow":["GET"]}}],"collection":[{"href":"https:\/\/dpip.sanluis.gov.ar\/rentas_sanluis\/index.php?rest_route=\/wp\/v2\/posts"}],"about":[{"href":"https:\/\/dpip.sanluis.gov.ar\/rentas_sanluis\/index.php?rest_route=\/wp\/v2\/types\/post"}],"author":[{"embeddable":true,"href":"https:\/\/dpip.sanluis.gov.ar\/rentas_sanluis\/index.php?rest_route=\/wp\/v2\/users\/4"}],"replies":[{"embeddable":true,"href":"https:\/\/dpip.sanluis.gov.ar\/rentas_sanluis\/index.php?rest_route=%2Fwp%2Fv2%2Fcomments&post=18056"}],"version-history":[{"count":4,"href":"https:\/\/dpip.sanluis.gov.ar\/rentas_sanluis\/index.php?rest_route=\/wp\/v2\/posts\/18056\/revisions"}],"predecessor-version":[{"id":18062,"href":"https:\/\/dpip.sanluis.gov.ar\/rentas_sanluis\/index.php?rest_route=\/wp\/v2\/posts\/18056\/revisions\/18062"}],"wp:featuredmedia":[{"embeddable":true,"href":"https:\/\/dpip.sanluis.gov.ar\/rentas_sanluis\/index.php?rest_route=\/wp\/v2\/media\/18155"}],"wp:attachment":[{"href":"https:\/\/dpip.sanluis.gov.ar\/rentas_sanluis\/index.php?rest_route=%2Fwp%2Fv2%2Fmedia&parent=18056"}],"wp:term":[{"taxonomy":"category","embeddable":true,"href":"https:\/\/dpip.sanluis.gov.ar\/rentas_sanluis\/index.php?rest_route=%2Fwp%2Fv2%2Fcategories&post=18056"},{"taxonomy":"post_tag","embeddable":true,"href":"https:\/\/dpip.sanluis.gov.ar\/rentas_sanluis\/index.php?rest_route=%2Fwp%2Fv2%2Ftags&post=18056"}],"curies":[{"name":"wp","href":"https:\/\/api.w.org\/{rel}","templated":true}]}}