{"id":11811,"date":"2024-10-16T17:04:00","date_gmt":"2024-10-16T20:04:00","guid":{"rendered":"http:\/\/rsl.dnsalias.com\/rentas_sanluis\/?p=11811"},"modified":"2024-11-29T15:43:13","modified_gmt":"2024-11-29T18:43:13","slug":"direccion-provincial-de-ingresos-publicos-charlas-tecnicas","status":"publish","type":"post","link":"https:\/\/dpip.sanluis.gov.ar\/rentas_sanluis\/?p=11811","title":{"rendered":"Direcci\u00f3n Provincial de Ingresos P\u00fablicos \u2013 Charlas T\u00e9cnicas"},"content":{"rendered":"\t\t<div data-elementor-type=\"wp-post\" data-elementor-id=\"11811\" class=\"elementor elementor-11811\" data-elementor-post-type=\"post\">\n\t\t\t\t<div class=\"elementor-element elementor-element-7e211db6 e-flex e-con-boxed e-con e-parent\" data-id=\"7e211db6\" data-element_type=\"container\" data-e-type=\"container\">\n\t\t\t\t\t<div class=\"e-con-inner\">\n\t\t\t\t<div class=\"elementor-element elementor-element-7b467c61 elementor-widget elementor-widget-heading\" data-id=\"7b467c61\" data-element_type=\"widget\" data-e-type=\"widget\" data-widget_type=\"heading.default\">\n\t\t\t\t<div class=\"elementor-widget-container\">\n\t\t\t\t\t<h2 class=\"elementor-heading-title elementor-size-default\">Direcci\u00f3n Provincial de Ingresos P\u00fablicos \u2013 Charlas T\u00e9cnicas<\/h2>\t\t\t\t<\/div>\n\t\t\t\t<\/div>\n\t\t\t\t<div class=\"elementor-element elementor-element-75131371 elementor-widget elementor-widget-text-editor\" data-id=\"75131371\" data-element_type=\"widget\" data-e-type=\"widget\" data-widget_type=\"text-editor.default\">\n\t\t\t\t<div class=\"elementor-widget-container\">\n\t\t\t\t\t\t\t\t\t<p><strong>Se dio inicio al Ciclo de Charlas T\u00e9cnicas 2024 con la participaci\u00f3n del personal de la Direcci\u00f3n de la Sede Central en la Ciudad de San Luis.<\/strong><\/p>\t\t\t\t\t\t\t\t<\/div>\n\t\t\t\t<\/div>\n\t\t\t\t<div class=\"elementor-element elementor-element-5db38168 elementor-widget elementor-widget-image\" data-id=\"5db38168\" data-element_type=\"widget\" data-e-type=\"widget\" data-widget_type=\"image.default\">\n\t\t\t\t<div class=\"elementor-widget-container\">\n\t\t\t\t\t\t\t\t\t\t\t\t\t\t\t<img fetchpriority=\"high\" decoding=\"async\" width=\"768\" height=\"576\" src=\"https:\/\/dpip.sanluis.gov.ar\/rentas_sanluis\/wp-content\/uploads\/2024\/11\/Charlas-tecnicas-DPIP.jpg\" class=\"attachment-medium_large size-medium_large wp-image-11817\" alt=\"\" \/>\t\t\t\t\t\t\t\t\t\t\t\t\t\t\t<\/div>\n\t\t\t\t<\/div>\n\t\t\t\t<div class=\"elementor-element elementor-element-338ae15f elementor-widget elementor-widget-text-editor\" data-id=\"338ae15f\" data-element_type=\"widget\" data-e-type=\"widget\" data-widget_type=\"text-editor.default\">\n\t\t\t\t<div class=\"elementor-widget-container\">\n\t\t\t\t\t\t\t\t\t<p>Considerando que es fundamental el conocimiento de las funciones inherentes a todas y cada una de las \u00e1reas involucradas en los procesos de la recaudaci\u00f3n, objetivo \u00faltimo de la DPIP, se ha dado inicio a este Ciclo que busca el intercambio del conocimiento, y el aporte individual y colectivo entre los agentes que prestan servicio en las distintas dependencias, como factores fundamentales en la mejora de la recaudaci\u00f3n y en la comunicaci\u00f3n con los contribuyentes.<\/p><p>El primer m\u00f3dulo est\u00e1 a cargo de la contadora M\u00f3nica Lemoglie, y el equipo del \u00e1rea de Recaudaci\u00f3n y Estad\u00edstica Tributaria: contadora Ana Fuentes, Pablo Sosa Agudo, Yesica Sosa y Fernando Massares Pellegrino.<strong style=\"font-style: inherit; text-align: var(--text-align); background-color: var(--ast-global-color-5);\">\u00a0<\/strong><\/p>\t\t\t\t\t\t\t\t<\/div>\n\t\t\t\t<\/div>\n\t\t\t\t\t<\/div>\n\t\t\t\t<\/div>\n\t\t<div class=\"elementor-element elementor-element-4e15d85 e-flex e-con-boxed e-con e-parent\" data-id=\"4e15d85\" data-element_type=\"container\" data-e-type=\"container\">\n\t\t\t\t\t<div class=\"e-con-inner\">\n\t\t\t\t<div class=\"elementor-element elementor-element-ff35bfd elementor-widget elementor-widget-image\" data-id=\"ff35bfd\" data-element_type=\"widget\" data-e-type=\"widget\" data-widget_type=\"image.default\">\n\t\t\t\t<div class=\"elementor-widget-container\">\n\t\t\t\t\t\t\t\t\t\t\t\t\t\t\t<img decoding=\"async\" width=\"768\" height=\"1024\" src=\"https:\/\/dpip.sanluis.gov.ar\/rentas_sanluis\/wp-content\/uploads\/2024\/11\/Charlas-tecnicas-DPIP-1.jpg\" class=\"attachment-medium_large size-medium_large wp-image-11823\" alt=\"\" \/>\t\t\t\t\t\t\t\t\t\t\t\t\t\t\t<\/div>\n\t\t\t\t<\/div>\n\t\t\t\t\t<\/div>\n\t\t\t\t<\/div>\n\t\t<div class=\"elementor-element elementor-element-7ecbe3d e-flex e-con-boxed e-con e-parent\" data-id=\"7ecbe3d\" data-element_type=\"container\" data-e-type=\"container\">\n\t\t\t\t\t<div class=\"e-con-inner\">\n\t\t\t\t<div class=\"elementor-element elementor-element-f8ecb4e elementor-widget elementor-widget-text-editor\" data-id=\"f8ecb4e\" data-element_type=\"widget\" data-e-type=\"widget\" data-widget_type=\"text-editor.default\">\n\t\t\t\t<div class=\"elementor-widget-container\">\n\t\t\t\t\t\t\t\t\t<p>Las charlas, en las que participan grupos de no m\u00e1s de 30 empleados\u00a0 se iniciaron hoy y continuaran en los d\u00edas venideros con la participaci\u00f3n de los agentes que prestan servicios en las receptor\u00edas y delegaciones de toda la Provincia y en la Ciudad Aut\u00f3noma de Buenos Aires<\/p>\t\t\t\t\t\t\t\t<\/div>\n\t\t\t\t<\/div>\n\t\t\t\t\t<\/div>\n\t\t\t\t<\/div>\n\t\t<div class=\"elementor-element elementor-element-8ac0232 e-flex e-con-boxed e-con e-parent\" data-id=\"8ac0232\" data-element_type=\"container\" data-e-type=\"container\">\n\t\t\t\t\t<div class=\"e-con-inner\">\n\t\t\t\t<div class=\"elementor-element elementor-element-2902a92 elementor-widget elementor-widget-image\" data-id=\"2902a92\" data-element_type=\"widget\" data-e-type=\"widget\" data-widget_type=\"image.default\">\n\t\t\t\t<div class=\"elementor-widget-container\">\n\t\t\t\t\t\t\t\t\t\t\t\t\t\t\t<img decoding=\"async\" width=\"768\" height=\"576\" src=\"https:\/\/dpip.sanluis.gov.ar\/rentas_sanluis\/wp-content\/uploads\/2024\/11\/Charlas-tecnicas-DPIP-2.jpg\" class=\"attachment-medium_large size-medium_large wp-image-11825\" alt=\"\" \/>\t\t\t\t\t\t\t\t\t\t\t\t\t\t\t<\/div>\n\t\t\t\t<\/div>\n\t\t\t\t\t<\/div>\n\t\t\t\t<\/div>\n\t\t\t\t<\/div>\n\t\t","protected":false},"excerpt":{"rendered":"<p>Direcci\u00f3n Provincial de Ingresos P\u00fablicos \u2013 Charlas T\u00e9cnicas Se dio inicio al Ciclo de Charlas T\u00e9cnicas 2024 con la participaci\u00f3n del personal de la Direcci\u00f3n de la Sede Central en la Ciudad de San Luis. Considerando que es fundamental el conocimiento de las funciones inherentes a todas y cada una de las \u00e1reas involucradas en [&hellip;]<\/p>\n","protected":false},"author":4,"featured_media":11921,"comment_status":"open","ping_status":"open","sticky":false,"template":"elementor_header_footer","format":"standard","meta":{"site-sidebar-layout":"default","site-content-layout":"","ast-site-content-layout":"default","site-content-style":"default","site-sidebar-style":"default","ast-global-header-display":"","ast-banner-title-visibility":"","ast-main-header-display":"","ast-hfb-above-header-display":"","ast-hfb-below-header-display":"","ast-hfb-mobile-header-display":"","site-post-title":"","ast-breadcrumbs-content":"","ast-featured-img":"","footer-sml-layout":"","theme-transparent-header-meta":"","adv-header-id-meta":"","stick-header-meta":"","header-above-stick-meta":"","header-main-stick-meta":"","header-below-stick-meta":"","astra-migrate-meta-layouts":"set","ast-page-background-enabled":"default","ast-page-background-meta":{"desktop":{"background-color":"var(--ast-global-color-4)","background-image":"","background-repeat":"repeat","background-position":"center center","background-size":"auto","background-attachment":"scroll","background-type":"","background-media":"","overlay-type":"","overlay-color":"","overlay-opacity":"","overlay-gradient":""},"tablet":{"background-color":"","background-image":"","background-repeat":"repeat","background-position":"center center","background-size":"auto","background-attachment":"scroll","background-type":"","background-media":"","overlay-type":"","overlay-color":"","overlay-opacity":"","overlay-gradient":""},"mobile":{"background-color":"","background-image":"","background-repeat":"repeat","background-position":"center center","background-size":"auto","background-attachment":"scroll","background-type":"","background-media":"","overlay-type":"","overlay-color":"","overlay-opacity":"","overlay-gradient":""}},"ast-content-background-meta":{"desktop":{"background-color":"var(--ast-global-color-5)","background-image":"","background-repeat":"repeat","background-position":"center center","background-size":"auto","background-attachment":"scroll","background-type":"","background-media":"","overlay-type":"","overlay-color":"","overlay-opacity":"","overlay-gradient":""},"tablet":{"background-color":"var(--ast-global-color-5)","background-image":"","background-repeat":"repeat","background-position":"center center","background-size":"auto","background-attachment":"scroll","background-type":"","background-media":"","overlay-type":"","overlay-color":"","overlay-opacity":"","overlay-gradient":""},"mobile":{"background-color":"var(--ast-global-color-5)","background-image":"","background-repeat":"repeat","background-position":"center center","background-size":"auto","background-attachment":"scroll","background-type":"","background-media":"","overlay-type":"","overlay-color":"","overlay-opacity":"","overlay-gradient":""}},"footnotes":""},"categories":[1],"tags":[],"class_list":["post-11811","post","type-post","status-publish","format-standard","has-post-thumbnail","hentry","category-sin-categoria"],"_links":{"self":[{"href":"https:\/\/dpip.sanluis.gov.ar\/rentas_sanluis\/index.php?rest_route=\/wp\/v2\/posts\/11811","targetHints":{"allow":["GET"]}}],"collection":[{"href":"https:\/\/dpip.sanluis.gov.ar\/rentas_sanluis\/index.php?rest_route=\/wp\/v2\/posts"}],"about":[{"href":"https:\/\/dpip.sanluis.gov.ar\/rentas_sanluis\/index.php?rest_route=\/wp\/v2\/types\/post"}],"author":[{"embeddable":true,"href":"https:\/\/dpip.sanluis.gov.ar\/rentas_sanluis\/index.php?rest_route=\/wp\/v2\/users\/4"}],"replies":[{"embeddable":true,"href":"https:\/\/dpip.sanluis.gov.ar\/rentas_sanluis\/index.php?rest_route=%2Fwp%2Fv2%2Fcomments&post=11811"}],"version-history":[{"count":13,"href":"https:\/\/dpip.sanluis.gov.ar\/rentas_sanluis\/index.php?rest_route=\/wp\/v2\/posts\/11811\/revisions"}],"predecessor-version":[{"id":12090,"href":"https:\/\/dpip.sanluis.gov.ar\/rentas_sanluis\/index.php?rest_route=\/wp\/v2\/posts\/11811\/revisions\/12090"}],"wp:featuredmedia":[{"embeddable":true,"href":"https:\/\/dpip.sanluis.gov.ar\/rentas_sanluis\/index.php?rest_route=\/wp\/v2\/media\/11921"}],"wp:attachment":[{"href":"https:\/\/dpip.sanluis.gov.ar\/rentas_sanluis\/index.php?rest_route=%2Fwp%2Fv2%2Fmedia&parent=11811"}],"wp:term":[{"taxonomy":"category","embeddable":true,"href":"https:\/\/dpip.sanluis.gov.ar\/rentas_sanluis\/index.php?rest_route=%2Fwp%2Fv2%2Fcategories&post=11811"},{"taxonomy":"post_tag","embeddable":true,"href":"https:\/\/dpip.sanluis.gov.ar\/rentas_sanluis\/index.php?rest_route=%2Fwp%2Fv2%2Ftags&post=11811"}],"curies":[{"name":"wp","href":"https:\/\/api.w.org\/{rel}","templated":true}]}}