{"id":11776,"date":"2024-10-25T16:55:00","date_gmt":"2024-10-25T19:55:00","guid":{"rendered":"http:\/\/rsl.dnsalias.com\/rentas_sanluis\/?p=11776"},"modified":"2024-11-29T15:43:55","modified_gmt":"2024-11-29T18:43:55","slug":"charlas-tecnicas-de-adhesion-de-la-provincia-de-san-luis-al-regimen-de-regularizacion-de-activos","status":"publish","type":"post","link":"https:\/\/dpip.sanluis.gov.ar\/rentas_sanluis\/?p=11776","title":{"rendered":"Charlas t\u00e9cnicas de adhesi\u00f3n de la Provincia de San Luis al R\u00e9gimen de Regularizaci\u00f3n de Activos"},"content":{"rendered":"\t\t<div data-elementor-type=\"wp-post\" data-elementor-id=\"11776\" class=\"elementor elementor-11776\" data-elementor-post-type=\"post\">\n\t\t\t\t<div class=\"elementor-element elementor-element-31db0ab5 e-flex e-con-boxed e-con e-parent\" data-id=\"31db0ab5\" data-element_type=\"container\" data-e-type=\"container\">\n\t\t\t\t\t<div class=\"e-con-inner\">\n\t\t\t\t<div class=\"elementor-element elementor-element-48aa709c elementor-widget elementor-widget-spacer\" data-id=\"48aa709c\" data-element_type=\"widget\" data-e-type=\"widget\" data-widget_type=\"spacer.default\">\n\t\t\t\t<div class=\"elementor-widget-container\">\n\t\t\t\t\t\t\t<div class=\"elementor-spacer\">\n\t\t\t<div class=\"elementor-spacer-inner\"><\/div>\n\t\t<\/div>\n\t\t\t\t\t\t<\/div>\n\t\t\t\t<\/div>\n\t\t\t\t<div class=\"elementor-element elementor-element-5c6b5b4d elementor-widget elementor-widget-heading\" data-id=\"5c6b5b4d\" data-element_type=\"widget\" data-e-type=\"widget\" data-widget_type=\"heading.default\">\n\t\t\t\t<div class=\"elementor-widget-container\">\n\t\t\t\t\t<h2 class=\"elementor-heading-title elementor-size-default\">Charlas t\u00e9cnicas de adhesi\u00f3n de la Provincia de San Luis al R\u00e9gimen de Regularizaci\u00f3n de Activos<\/h2>\t\t\t\t<\/div>\n\t\t\t\t<\/div>\n\t\t\t\t<div class=\"elementor-element elementor-element-484fe171 elementor-widget elementor-widget-text-editor\" data-id=\"484fe171\" data-element_type=\"widget\" data-e-type=\"widget\" data-widget_type=\"text-editor.default\">\n\t\t\t\t<div class=\"elementor-widget-container\">\n\t\t\t\t\t\t\t\t\t<p><strong>Continuando el Ciclo se dio inici\u00f3 en la semana a las Charlas T\u00e9cnicas referidas a la Ley N\u00b0 VIII-1134-2024 de Adhesi\u00f3n de la Provincia de San Luis al R\u00e9gimen de Regularizaci\u00f3n de Activos \u2013 Ley Nacional N\u00b0 27.743.<\/strong><\/p>\t\t\t\t\t\t\t\t<\/div>\n\t\t\t\t<\/div>\n\t\t\t\t<div class=\"elementor-element elementor-element-3853d569 elementor-widget elementor-widget-image\" data-id=\"3853d569\" data-element_type=\"widget\" data-e-type=\"widget\" data-widget_type=\"image.default\">\n\t\t\t\t<div class=\"elementor-widget-container\">\n\t\t\t\t\t\t\t\t\t\t\t\t\t\t\t<img fetchpriority=\"high\" decoding=\"async\" width=\"768\" height=\"576\" src=\"https:\/\/dpip.sanluis.gov.ar\/rentas_sanluis\/wp-content\/uploads\/2024\/11\/Charlas-tecnicas-Activos-DPIP.jpg\" class=\"attachment-medium_large size-medium_large wp-image-11786\" alt=\"\" \/>\t\t\t\t\t\t\t\t\t\t\t\t\t\t\t<\/div>\n\t\t\t\t<\/div>\n\t\t\t\t<div class=\"elementor-element elementor-element-d0edaad elementor-widget elementor-widget-text-editor\" data-id=\"d0edaad\" data-element_type=\"widget\" data-e-type=\"widget\" data-widget_type=\"text-editor.default\">\n\t\t\t\t<div class=\"elementor-widget-container\">\n\t\t\t\t\t\t\t\t\t<p>El m\u00f3dulo esta a cargo de los Agentes de la Direcci\u00f3n Provincial de Ingresos P\u00fablicos: Contador Mario Carmona del \u00c1rea Impuesto sobre los Ingresos Brutos y Escribano Santiago Moyano del \u00c1rea Impuestos Predeterminados.<\/p>\n<p>En las charlas interactivas, participan grupos de no m\u00e1s de 30 empleados y se incluyen a todas las personas que prestan servicios en la Sede Central, las Receptor\u00edas y Delegaciones de toda la Provincia y de la Ciudad Aut\u00f3noma de Buenos Aires.<strong style=\"font-style: inherit; text-align: var(--text-align); background-color: var(--ast-global-color-5);\">&nbsp;<\/strong><\/p>\t\t\t\t\t\t\t\t<\/div>\n\t\t\t\t<\/div>\n\t\t\t\t\t<\/div>\n\t\t\t\t<\/div>\n\t\t<div class=\"elementor-element elementor-element-9439671 e-flex e-con-boxed e-con e-parent\" data-id=\"9439671\" data-element_type=\"container\" data-e-type=\"container\">\n\t\t\t\t\t<div class=\"e-con-inner\">\n\t\t\t\t<div class=\"elementor-element elementor-element-7e77410 elementor-widget elementor-widget-image\" data-id=\"7e77410\" data-element_type=\"widget\" data-e-type=\"widget\" data-widget_type=\"image.default\">\n\t\t\t\t<div class=\"elementor-widget-container\">\n\t\t\t\t\t\t\t\t\t\t\t\t\t\t\t<img decoding=\"async\" width=\"768\" height=\"576\" src=\"https:\/\/dpip.sanluis.gov.ar\/rentas_sanluis\/wp-content\/uploads\/2024\/11\/Charlas-tecnicas-Activos-DPIP-1.jpg\" class=\"attachment-medium_large size-medium_large wp-image-11796\" alt=\"\" \/>\t\t\t\t\t\t\t\t\t\t\t\t\t\t\t<\/div>\n\t\t\t\t<\/div>\n\t\t\t\t\t<\/div>\n\t\t\t\t<\/div>\n\t\t<div class=\"elementor-element elementor-element-5667124 e-flex e-con-boxed e-con e-parent\" data-id=\"5667124\" data-element_type=\"container\" data-e-type=\"container\">\n\t\t\t\t\t<div class=\"e-con-inner\">\n\t\t\t\t<div class=\"elementor-element elementor-element-b3eccf6 elementor-widget elementor-widget-text-editor\" data-id=\"b3eccf6\" data-element_type=\"widget\" data-e-type=\"widget\" data-widget_type=\"text-editor.default\">\n\t\t\t\t<div class=\"elementor-widget-container\">\n\t\t\t\t\t\t\t\t\t<p>Se abord\u00f3 en l\u00edneas generales la Ley Nacional, y posteriormente la Ley Provincial, y el procedimiento a realizar en la Provincia de San Luis, como as\u00ed tambi\u00e9n los requisitos establecidos por la Provincia para la adhesi\u00f3n.<\/p>\t\t\t\t\t\t\t\t<\/div>\n\t\t\t\t<\/div>\n\t\t\t\t\t<\/div>\n\t\t\t\t<\/div>\n\t\t<div class=\"elementor-element elementor-element-53aa021 e-flex e-con-boxed e-con e-parent\" data-id=\"53aa021\" data-element_type=\"container\" data-e-type=\"container\">\n\t\t\t\t\t<div class=\"e-con-inner\">\n\t\t\t\t<div class=\"elementor-element elementor-element-b845729 elementor-widget elementor-widget-image\" data-id=\"b845729\" data-element_type=\"widget\" data-e-type=\"widget\" data-widget_type=\"image.default\">\n\t\t\t\t<div class=\"elementor-widget-container\">\n\t\t\t\t\t\t\t\t\t\t\t\t\t\t\t<img decoding=\"async\" width=\"768\" height=\"1024\" src=\"https:\/\/dpip.sanluis.gov.ar\/rentas_sanluis\/wp-content\/uploads\/2024\/11\/Charlas-tecnicas-Activos-DPIP-2.jpg\" class=\"attachment-medium_large size-medium_large wp-image-11801\" alt=\"\" \/>\t\t\t\t\t\t\t\t\t\t\t\t\t\t\t<\/div>\n\t\t\t\t<\/div>\n\t\t\t\t\t<\/div>\n\t\t\t\t<\/div>\n\t\t<div class=\"elementor-element elementor-element-1450a98 e-flex e-con-boxed e-con e-parent\" data-id=\"1450a98\" data-element_type=\"container\" data-e-type=\"container\">\n\t\t\t\t\t<div class=\"e-con-inner\">\n\t\t\t\t<div class=\"elementor-element elementor-element-2c105be elementor-widget elementor-widget-text-editor\" data-id=\"2c105be\" data-element_type=\"widget\" data-e-type=\"widget\" data-widget_type=\"text-editor.default\">\n\t\t\t\t<div class=\"elementor-widget-container\">\n\t\t\t\t\t\t\t\t\t<p>El tr\u00e1mite se debe realizar a trav\u00e9s del sitio Web de Rentas y estar\u00e1 disponible a partir del Lunes 28 de Octubre, fecha de vigencia de la Resoluci\u00f3n N\u00b0032-DPIP-MHOP-2024.<\/p>\t\t\t\t\t\t\t\t<\/div>\n\t\t\t\t<\/div>\n\t\t\t\t\t<\/div>\n\t\t\t\t<\/div>\n\t\t<div class=\"elementor-element elementor-element-93117e4 e-flex e-con-boxed e-con e-parent\" data-id=\"93117e4\" data-element_type=\"container\" data-e-type=\"container\">\n\t\t\t\t\t<div class=\"e-con-inner\">\n\t\t\t\t<div class=\"elementor-element elementor-element-7eb05a3 elementor-widget elementor-widget-image\" data-id=\"7eb05a3\" data-element_type=\"widget\" data-e-type=\"widget\" data-widget_type=\"image.default\">\n\t\t\t\t<div class=\"elementor-widget-container\">\n\t\t\t\t\t\t\t\t\t\t\t\t\t\t\t<img loading=\"lazy\" decoding=\"async\" width=\"768\" height=\"576\" src=\"https:\/\/dpip.sanluis.gov.ar\/rentas_sanluis\/wp-content\/uploads\/2024\/11\/Charlas-tecnicas-Activos-DPIP-3.jpg\" class=\"attachment-medium_large size-medium_large wp-image-11803\" alt=\"\" \/>\t\t\t\t\t\t\t\t\t\t\t\t\t\t\t<\/div>\n\t\t\t\t<\/div>\n\t\t\t\t\t<\/div>\n\t\t\t\t<\/div>\n\t\t<div class=\"elementor-element elementor-element-2a5d25e e-flex e-con-boxed e-con e-parent\" data-id=\"2a5d25e\" data-element_type=\"container\" data-e-type=\"container\">\n\t\t\t\t\t<div class=\"e-con-inner\">\n\t\t\t\t\t<\/div>\n\t\t\t\t<\/div>\n\t\t\t\t<\/div>\n\t\t","protected":false},"excerpt":{"rendered":"<p>Charlas t\u00e9cnicas de adhesi\u00f3n de la Provincia de San Luis al R\u00e9gimen de Regularizaci\u00f3n de Activos Continuando el Ciclo se dio inici\u00f3 en la semana a las Charlas T\u00e9cnicas referidas a la Ley N\u00b0 VIII-1134-2024 de Adhesi\u00f3n de la Provincia de San Luis al R\u00e9gimen de Regularizaci\u00f3n de Activos \u2013 Ley Nacional N\u00b0 27.743. El [&hellip;]<\/p>\n","protected":false},"author":4,"featured_media":11920,"comment_status":"open","ping_status":"open","sticky":false,"template":"elementor_header_footer","format":"standard","meta":{"site-sidebar-layout":"default","site-content-layout":"","ast-site-content-layout":"default","site-content-style":"default","site-sidebar-style":"default","ast-global-header-display":"","ast-banner-title-visibility":"","ast-main-header-display":"","ast-hfb-above-header-display":"","ast-hfb-below-header-display":"","ast-hfb-mobile-header-display":"","site-post-title":"","ast-breadcrumbs-content":"","ast-featured-img":"","footer-sml-layout":"","theme-transparent-header-meta":"","adv-header-id-meta":"","stick-header-meta":"","header-above-stick-meta":"","header-main-stick-meta":"","header-below-stick-meta":"","astra-migrate-meta-layouts":"set","ast-page-background-enabled":"default","ast-page-background-meta":{"desktop":{"background-color":"var(--ast-global-color-4)","background-image":"","background-repeat":"repeat","background-position":"center center","background-size":"auto","background-attachment":"scroll","background-type":"","background-media":"","overlay-type":"","overlay-color":"","overlay-opacity":"","overlay-gradient":""},"tablet":{"background-color":"","background-image":"","background-repeat":"repeat","background-position":"center center","background-size":"auto","background-attachment":"scroll","background-type":"","background-media":"","overlay-type":"","overlay-color":"","overlay-opacity":"","overlay-gradient":""},"mobile":{"background-color":"","background-image":"","background-repeat":"repeat","background-position":"center center","background-size":"auto","background-attachment":"scroll","background-type":"","background-media":"","overlay-type":"","overlay-color":"","overlay-opacity":"","overlay-gradient":""}},"ast-content-background-meta":{"desktop":{"background-color":"var(--ast-global-color-5)","background-image":"","background-repeat":"repeat","background-position":"center center","background-size":"auto","background-attachment":"scroll","background-type":"","background-media":"","overlay-type":"","overlay-color":"","overlay-opacity":"","overlay-gradient":""},"tablet":{"background-color":"var(--ast-global-color-5)","background-image":"","background-repeat":"repeat","background-position":"center center","background-size":"auto","background-attachment":"scroll","background-type":"","background-media":"","overlay-type":"","overlay-color":"","overlay-opacity":"","overlay-gradient":""},"mobile":{"background-color":"var(--ast-global-color-5)","background-image":"","background-repeat":"repeat","background-position":"center center","background-size":"auto","background-attachment":"scroll","background-type":"","background-media":"","overlay-type":"","overlay-color":"","overlay-opacity":"","overlay-gradient":""}},"footnotes":""},"categories":[1],"tags":[],"class_list":["post-11776","post","type-post","status-publish","format-standard","has-post-thumbnail","hentry","category-sin-categoria"],"_links":{"self":[{"href":"https:\/\/dpip.sanluis.gov.ar\/rentas_sanluis\/index.php?rest_route=\/wp\/v2\/posts\/11776","targetHints":{"allow":["GET"]}}],"collection":[{"href":"https:\/\/dpip.sanluis.gov.ar\/rentas_sanluis\/index.php?rest_route=\/wp\/v2\/posts"}],"about":[{"href":"https:\/\/dpip.sanluis.gov.ar\/rentas_sanluis\/index.php?rest_route=\/wp\/v2\/types\/post"}],"author":[{"embeddable":true,"href":"https:\/\/dpip.sanluis.gov.ar\/rentas_sanluis\/index.php?rest_route=\/wp\/v2\/users\/4"}],"replies":[{"embeddable":true,"href":"https:\/\/dpip.sanluis.gov.ar\/rentas_sanluis\/index.php?rest_route=%2Fwp%2Fv2%2Fcomments&post=11776"}],"version-history":[{"count":10,"href":"https:\/\/dpip.sanluis.gov.ar\/rentas_sanluis\/index.php?rest_route=\/wp\/v2\/posts\/11776\/revisions"}],"predecessor-version":[{"id":11810,"href":"https:\/\/dpip.sanluis.gov.ar\/rentas_sanluis\/index.php?rest_route=\/wp\/v2\/posts\/11776\/revisions\/11810"}],"wp:featuredmedia":[{"embeddable":true,"href":"https:\/\/dpip.sanluis.gov.ar\/rentas_sanluis\/index.php?rest_route=\/wp\/v2\/media\/11920"}],"wp:attachment":[{"href":"https:\/\/dpip.sanluis.gov.ar\/rentas_sanluis\/index.php?rest_route=%2Fwp%2Fv2%2Fmedia&parent=11776"}],"wp:term":[{"taxonomy":"category","embeddable":true,"href":"https:\/\/dpip.sanluis.gov.ar\/rentas_sanluis\/index.php?rest_route=%2Fwp%2Fv2%2Fcategories&post=11776"},{"taxonomy":"post_tag","embeddable":true,"href":"https:\/\/dpip.sanluis.gov.ar\/rentas_sanluis\/index.php?rest_route=%2Fwp%2Fv2%2Ftags&post=11776"}],"curies":[{"name":"wp","href":"https:\/\/api.w.org\/{rel}","templated":true}]}}